{"id":21256,"date":"2023-09-29T09:54:10","date_gmt":"2023-09-29T12:54:10","guid":{"rendered":"https:\/\/h2lac.org\/uncategorized\/h2lac-review-19\/"},"modified":"2023-09-29T09:54:10","modified_gmt":"2023-09-29T12:54:10","slug":"h2lac-review-19","status":"publish","type":"post","link":"\/en\/newsletter-h2lac-review-en\/h2lac-review-19\/","title":{"rendered":"H2LAC REVIEW \/19"},"content":{"rendered":"<div id=\"bsf_rt_marker\"><\/div><section class=\"l-section wpb_row height_medium\"><div class=\"l-section-h i-cf\"><div class=\"g-cols vc_row via_grid cols_2-1 laptops-cols_inherit tablets-cols_inherit mobiles-cols_1 valign_top type_default stacking_default\"><div class=\"wpb_column vc_column_container\"><div class=\"vc_column-inner\"><div class=\"g-cols wpb_row us_custom_f03ee871 via_grid cols_1 laptops-cols_inherit tablets-cols_inherit mobiles-cols_1 valign_top type_default stacking_default\" style=\"--columns-gap:3rem;\"><div class=\"wpb_column vc_column_container\"><div class=\"vc_column-inner\"><time class=\"w-post-elm post_date us_custom_f03ee871 entry-date published\" datetime=\"2023-09-29T09:54:10-03:00\" itemprop=\"datePublished\">September 2023<\/time><\/div><\/div><\/div><div class=\"wpb_text_column us_custom_8ded146e\"><div class=\"wpb_wrapper\"><h1><strong>H2LAC<\/strong> REVIEW \/ 19<\/h1>\n<\/div><\/div><div class=\"wpb_text_column us_custom_ff8c257d has_text_color\"><div class=\"wpb_wrapper\"><h2>\u00a1Bienvenidos!<\/h2>\n<p>Nos complace anunciar una nueva edici\u00f3n\u00a0de nuestro newsletter mensual,\u00a0<strong>H2LAC Review<\/strong>. Aqu\u00ed te mantendremos conectado y al d\u00eda con an\u00e1lisis exclusivos y los \u00faltimos acontecimientos del hidr\u00f3geno verde y sus derivados en Am\u00e9rica Latina y el Caribe, como tambi\u00e9n nuestra agenda, noticias, capacitaciones y eventos.<\/p>\n<p>En septiembre, la columna de opini\u00f3n\u00a0fue redactada por M\u00f3nica Gasca, Directora Ejecutiva de la\u00a0<a href=\"https:\/\/www.hidrogenocolombia.com\/\" target=\"_blank\" rel=\"noopener\">Asociaci\u00f3n Hidr\u00f3geno Colombia<\/a>\u00a0quien analiza los desaf\u00edos de la transici\u00f3n energ\u00e9tica en la regi\u00f3n de Am\u00e9rica Latina y el Caribe, el rol del hidr\u00f3geno verde y los avances de Colombia en relaci\u00f3n al vector energ\u00e9tico y su incipiente industria.<\/p>\n<p>Entre las noticias destacadas del mes en la regi\u00f3n,\u00a0<a href=\"\/paises\/argentina\/\" target=\"_blank\" rel=\"noopener\">Argentina<\/a>\u00a0present\u00f3 su\u00a0<a href=\"https:\/\/h2lac.org\/archivos\/estrategia-nacional-para-el-desarrollo-de-la-economia-del-hidrogeno-en-argentina\/\" target=\"_blank\" rel=\"noopener\">Estrategia Nacional para el Desarrollo de la Econom\u00eda del Hidr\u00f3geno<\/a>, marcando un hito en el avance hacia una transici\u00f3n energ\u00e9tica.\u00a0Por su parte,\u00a0<a href=\"\/paises\/chile\/\" target=\"_blank\" rel=\"noopener\">Chile<\/a>\u00a0anunci\u00f3 la adquisici\u00f3n de\u00a0<strong>su primera locomotora a hidr\u00f3geno verde<\/strong>, la cual estar\u00eda operativa durante el segundo semestre de 2024. Asimismo, cabe destacar que en septiembre se public\u00f3 el informe de la Agencia Internacional de Energ\u00eda \u201c<a href=\"https:\/\/h2lac.org\/archivos\/global-hydrogen-review-2023\/\" target=\"_blank\" rel=\"noopener\">Global Hydrogen Review 2023<\/a>\u201d, el cual muestra el progreso de los proyectos de hidr\u00f3geno de bajas emisiones en el mundo.<\/p>\n<p><strong>H2LAC <\/strong>es una plataforma colaborativa cuyo objetivo es impulsar el desarrollo del hidr\u00f3geno verde y sus derivados en Am\u00e9rica Latina y el Caribe, fomentando su producci\u00f3n, uso y exportaci\u00f3n. Puedes revisar nuestro sitio web <a href=\"http:\/\/h2lac.org\" target=\"_blank\" rel=\"noopener\" data-cke-saved-href=\"http:\/\/h2lac.org\">h2lac.org<\/a> para conocer m\u00e1s sobre nosotros.<\/p>\n<p><strong>A continuaci\u00f3n, compartimos un nuevo n\u00famero de H2LAC Review.<\/strong><\/p>\n<\/div><\/div><div class=\"wpb_text_column us_custom_ff8c257d has_text_color\"><div class=\"wpb_wrapper\"><p>Somos:<\/p>\n<\/div><\/div><div class=\"w-image align_center\"><div class=\"w-image-h\"><img decoding=\"async\" width=\"900\" height=\"138\" src=\"https:\/\/h2lac.org\/wp-content\/uploads\/2023\/06\/Logos-900.jpg\" class=\"attachment-large size-large\" alt=\"\" loading=\"lazy\" srcset=\"https:\/\/h2lac.org\/wp-content\/uploads\/2023\/06\/Logos-900.jpg 900w, https:\/\/h2lac.org\/wp-content\/uploads\/2023\/06\/Logos-900-300x46.jpg 300w\" sizes=\"auto, (max-width: 900px) 100vw, 900px\" \/><\/div><\/div><div class=\"wpb_text_column us_custom_c6638c9c has_text_color\"><div class=\"wpb_wrapper\"><h2>AN\u00c1LISIS REGIONAL<\/h2>\n<\/div><\/div><div class=\"w-image us_custom_712756c9 align_none\"><div class=\"w-image-h\"><img decoding=\"async\" width=\"900\" height=\"234\" src=\"https:\/\/h2lac.org\/wp-content\/uploads\/2023\/09\/mgasca-news.png\" class=\"attachment-full size-full\" alt=\"\" loading=\"lazy\" srcset=\"https:\/\/h2lac.org\/wp-content\/uploads\/2023\/09\/mgasca-news.png 900w, https:\/\/h2lac.org\/wp-content\/uploads\/2023\/09\/mgasca-news-300x78.png 300w\" sizes=\"auto, (max-width: 900px) 100vw, 900px\" \/><\/div><\/div><div class=\"w-separator size_small\"><\/div><div class=\"wpb_text_column us_custom_5c5088fb has_text_color\"><div class=\"wpb_wrapper\"><section class=\"l-section wpb_row us_custom_abf0931d height_medium\">\n<div class=\"l-section-h i-cf\">\n<div class=\"g-cols vc_row via_grid cols_1 laptops-cols_inherit tablets-cols_inherit mobiles-cols_1 valign_top type_default stacking_default\">\n<div class=\"wpb_column vc_column_container\">\n<div class=\"vc_column-inner\">\n<h2 class=\"w-post-elm post_title us_custom_3f28bfbd has_text_color align_left entry-title color_link_inherit\" style=\"text-align: center;\">Alianzas internacionales: herramienta para materializar el mercado del hidr\u00f3geno en Latinoam\u00e9rica<\/h2>\n<\/div>\n<\/div>\n<\/div>\n<\/div>\n<\/section>\n<div class=\"w-post-elm post_content us_custom_547c95c0 has_text_color\">\n<h6 style=\"text-align: center;\">Por M\u00f3nica Gasca, Directora Ejecutiva de la Asociaci\u00f3n Hidr\u00f3geno Colombia<\/h6>\n<\/div>\n<p>La transici\u00f3n energ\u00e9tica es un tema principal en la agenda pol\u00edtica internacional, tanto los pa\u00edses\u00a0desarrollados como aquellos en desarrollo han establecido metas de descarbonizaci\u00f3n que apuntan a mitigar los efectos del cambio clim\u00e1tico y a realizar esfuerzos conjuntos para limitar el calentamiento global a 1,5\u00b0C. Para alcanzar estos objetivos se requiere avanzar en estrategias como la eficiencia energ\u00e9tica, la electrificaci\u00f3n, la masificaci\u00f3n de las energ\u00edas renovables, entre otras; sin embargo, algunos sectores de la econom\u00eda presentan retos significativos en su camino hacia la carbono neutralidad.<\/p>\n<\/div><\/div><div class=\"w-text us_custom_5aaa6a51 has_text_color icon_atleft\"><a target=\"_blank\" rel=\"nofollow\" href=\"https:\/\/h2lac.org\/noticias\/alianzas-internacionales-herramienta-para-materializar-el-mercado-del-hidrogeno-en-latinoamerica\/\" class=\"w-text-h\"><i class=\"fas fa-external-link\"><\/i><span class=\"w-text-value\">Sigue leyendo<\/span><\/a><\/div><div class=\"w-separator size_small\"><\/div><div class=\"wpb_text_column us_custom_c6638c9c has_text_color\"><div class=\"wpb_wrapper\"><h2>NOTICIAS DESTACADAS<\/h2>\n<\/div><\/div><div class=\"w-image us_custom_712756c9 align_none\"><div class=\"w-image-h\"><img decoding=\"async\" width=\"900\" height=\"599\" src=\"https:\/\/h2lac.org\/wp-content\/uploads\/2023\/09\/ENH-Argentina-2-1.png\" class=\"attachment-full size-full\" alt=\"\" loading=\"lazy\" srcset=\"https:\/\/h2lac.org\/wp-content\/uploads\/2023\/09\/ENH-Argentina-2-1.png 900w, https:\/\/h2lac.org\/wp-content\/uploads\/2023\/09\/ENH-Argentina-2-1-300x200.png 300w, https:\/\/h2lac.org\/wp-content\/uploads\/2023\/09\/ENH-Argentina-2-1-391x260.png 391w\" sizes=\"auto, (max-width: 900px) 100vw, 900px\" \/><\/div><\/div><div class=\"w-separator size_small\"><\/div><div class=\"wpb_text_column us_custom_5c5088fb has_text_color\"><div class=\"wpb_wrapper\"><h2 style=\"text-align: center;\"><strong>Argentina presenta su Estrategia Nacional para el Desarrollo de la Econom\u00eda del Hidr\u00f3geno<\/strong><\/h2>\n<p>Argentina public\u00f3 durante el presente mes de septiembre, su <a href=\"https:\/\/h2lac.org\/archivos\/estrategia-nacional-para-el-desarrollo-de-la-economia-del-hidrogeno-en-argentina\/\" target=\"_blank\" rel=\"noopener\">Estrategia Nacional para el Desarrollo de la Econom\u00eda del Hidr\u00f3geno<\/a> (ENH). En el documento se presenta la hoja de ruta para alcanzar objetivos de sostenibilidad ambiental, desarrollo productivo y econ\u00f3mico en el marco de la industrializaci\u00f3n del hidr\u00f3geno bajo en emisiones.<\/p>\n<p>La estrategia es el resultado de un trabajo articulado entre la Secretar\u00eda de Asuntos Estrat\u00e9gicos, Energ\u00eda y distintas \u00e1reas del Gobierno, considerando una activa participaci\u00f3n de provincias y actores del sector privado. As\u00ed, el pa\u00eds marca un hito en el avance hacia una transici\u00f3n energ\u00e9tica.<\/p>\n<\/div><\/div><div class=\"w-text us_custom_74637e8b has_text_color icon_atleft\"><a target=\"_blank\" rel=\"nofollow\" href=\"https:\/\/h2lac.org\/h2lac-review\/argentina-presenta-su-estrategia-nacional-para-el-desarrollo-de-la-economia-del-hidrogeno\/\" class=\"w-text-h\"><i class=\"fas fa-external-link\"><\/i><span class=\"w-text-value\">Sigue leyendo<\/span><\/a><\/div><div class=\"w-separator size_medium\"><\/div><div class=\"g-cols wpb_row us_custom_4cba85cb via_grid cols_2 laptops-cols_inherit tablets-cols_inherit mobiles-cols_1 valign_top type_default stacking_default\" style=\"--columns-gap:3rem;\"><div class=\"wpb_column vc_column_container\"><div class=\"vc_column-inner\"><div class=\"wpb_text_column us_custom_a80399df has_text_color\"><div class=\"wpb_wrapper\"><h3><strong>Chile: Primera locomotora a hidr\u00f3geno verde estar\u00e1 operativa en 2024<\/strong><\/h3>\n<\/div><\/div><div class=\"w-image align_center\"><div class=\"w-image-h\"><img decoding=\"async\" width=\"900\" height=\"600\" src=\"https:\/\/h2lac.org\/wp-content\/uploads\/2023\/09\/GIZ-Fotopool-1.png\" class=\"attachment-full size-full\" alt=\"\" loading=\"lazy\" srcset=\"https:\/\/h2lac.org\/wp-content\/uploads\/2023\/09\/GIZ-Fotopool-1.png 900w, https:\/\/h2lac.org\/wp-content\/uploads\/2023\/09\/GIZ-Fotopool-1-300x200.png 300w, https:\/\/h2lac.org\/wp-content\/uploads\/2023\/09\/GIZ-Fotopool-1-391x260.png 391w\" sizes=\"auto, (max-width: 900px) 100vw, 900px\" \/><\/div><\/div><div class=\"w-separator size_small\"><\/div><div class=\"wpb_text_column us_custom_a80399df has_text_color\"><div class=\"wpb_wrapper\"><p><strong>El tren fue fabricado en China por la empresa CRRC QISHUYAN para la compa\u00f1\u00eda Ferrocarril Antofagasta Bolivia (FCAB).<\/strong><\/p>\n<p>\u00c9ste marcar\u00eda el inicio de una iniciativa mayor, que es convertir el 100% de la filial ferroviaria al hidr\u00f3geno verde.<\/p>\n<\/div><\/div><div class=\"w-separator size_small\"><\/div><div class=\"w-text us_custom_74637e8b has_text_color icon_atleft\"><a target=\"_blank\" rel=\"nofollow\" href=\"https:\/\/h2lac.org\/h2lac-review\/chile-primera-locomotora-a-hidrogeno-verde-estara-operativa-en-2024\/\" class=\"w-text-h\"><i class=\"fas fa-external-link\"><\/i><span class=\"w-text-value\">Sigue leyendo<\/span><\/a><\/div><\/div><\/div><div class=\"wpb_column vc_column_container\"><div class=\"vc_column-inner\"><div class=\"wpb_text_column us_custom_a80399df has_text_color\"><div class=\"wpb_wrapper\"><h3>Archivo: Global Hydrogen Review 2023 (Agencia Internacional de Energ\u00eda)<\/h3>\n<div class=\"w-post-elm post_content us_custom_6745946f\"><\/div>\n<\/div><\/div><div class=\"w-image align_center\"><div class=\"w-image-h\"><img decoding=\"async\" width=\"900\" height=\"602\" src=\"https:\/\/h2lac.org\/wp-content\/uploads\/2023\/09\/GHR-2023-1.png\" class=\"attachment-full size-full\" alt=\"\" loading=\"lazy\" srcset=\"https:\/\/h2lac.org\/wp-content\/uploads\/2023\/09\/GHR-2023-1.png 900w, https:\/\/h2lac.org\/wp-content\/uploads\/2023\/09\/GHR-2023-1-300x201.png 300w\" sizes=\"auto, (max-width: 900px) 100vw, 900px\" \/><\/div><\/div><div class=\"w-separator size_small\"><\/div><div class=\"wpb_text_column us_custom_a80399df has_text_color\"><div class=\"wpb_wrapper\"><p>\u00abEl Informe Mundial sobre el Hidr\u00f3geno es una publicaci\u00f3n anual de la Agencia Internacional de la Energ\u00eda que realiza un seguimiento de los avances en \u00e1reas cr\u00edticas como el desarrollo de infraestructuras, el comercio, la pol\u00edtica regulaci\u00f3n, inversiones e innovaci\u00f3n\u00bb.<\/p>\n<\/div><\/div><div class=\"w-separator size_small\"><\/div><div class=\"w-text us_custom_74637e8b has_text_color icon_atleft\"><a target=\"_blank\" rel=\"nofollow\" href=\"https:\/\/h2lac.org\/archivos\/global-hydrogen-review-2023\/\" class=\"w-text-h\"><i class=\"fas fa-external-link\"><\/i><span class=\"w-text-value\">Sigue leyendo<\/span><\/a><\/div><\/div><\/div><\/div><div class=\"wpb_text_column us_custom_c6638c9c has_text_color\"><div class=\"wpb_wrapper\"><h2>EVENTOS<\/h2>\n<\/div><\/div><div class=\"g-cols wpb_row us_custom_507f0236 via_grid cols_1-2 laptops-cols_inherit tablets-cols_inherit mobiles-cols_1 valign_top type_default stacking_default\" style=\"--columns-gap:1rem;\"><div class=\"wpb_column vc_column_container\"><div class=\"vc_column-inner\"><div class=\"w-iconbox iconpos_left style_default color_custom align_left no_text\"><a href=\"target:_blank\" class=\"w-iconbox-link\" aria-label=\"5 de octubre\"><div class=\"w-iconbox-icon\" style=\"font-size:2rem;--icon-color:#54CB34;\"><i class=\"far fa-calendar-day\"><\/i><\/div><\/a><div class=\"w-iconbox-meta\"><div class=\"w-iconbox-title\"><a href=\"target:_blank\" class=\"w-iconbox-link\" aria-label=\"5 de octubre\">5 de octubre<\/a><\/div><\/div><\/div><\/div><\/div><div class=\"wpb_column vc_column_container\"><div class=\"vc_column-inner\"><div class=\"wpb_text_column\"><div class=\"wpb_wrapper\"><p><a href=\"https:\/\/h2lac.org\/eventos\/hidrogeno-verde-en-america-latina-y-el-caribe-estrategias-nacionales-y-hojas-de-ruta\/\" target=\"_blank\" rel=\"noopener\">Hidr\u00f3geno verde: Estrategias nacionales y hojas de ruta en Am\u00e9rica Latina y el Caribe &#8211; Costa Rica<\/a><\/p>\n<\/div><\/div><div class=\"wpb_text_column\"><div class=\"wpb_wrapper\"><\/div><\/div><\/div><\/div><\/div><div class=\"g-cols wpb_row us_custom_71a62d05 via_grid cols_1-2 laptops-cols_inherit tablets-cols_inherit mobiles-cols_1 valign_top type_default stacking_default\" style=\"--columns-gap:1rem;\"><div class=\"wpb_column vc_column_container\"><div class=\"vc_column-inner\"><div class=\"w-iconbox iconpos_left style_default color_custom align_left no_text\"><a href=\"target:_blank\" class=\"w-iconbox-link\" aria-label=\"10 -13 de octubre\"><div class=\"w-iconbox-icon\" style=\"font-size:2rem;--icon-color:#54CB34;\"><i class=\"far fa-calendar-day\"><\/i><\/div><\/a><div class=\"w-iconbox-meta\"><div class=\"w-iconbox-title\"><a href=\"target:_blank\" class=\"w-iconbox-link\" aria-label=\"10 -13 de octubre\">10 -13 de octubre<\/a><\/div><\/div><\/div><\/div><\/div><div class=\"wpb_column vc_column_container\"><div class=\"vc_column-inner\"><div class=\"wpb_text_column\"><div class=\"wpb_wrapper\"><p><a href=\"https:\/\/www.greenpowerglobal.com\/EN\/whc2022\" target=\"_blank\" rel=\"noopener\">World Hydrogen Congress 2023<\/a><\/p>\n<\/div><\/div><div class=\"wpb_text_column\"><div class=\"wpb_wrapper\"><\/div><\/div><\/div><\/div><\/div><div class=\"g-cols wpb_row us_custom_71a62d05 via_grid cols_1-2 laptops-cols_inherit tablets-cols_inherit mobiles-cols_1 valign_top type_default stacking_default\" style=\"--columns-gap:1rem;\"><div class=\"wpb_column vc_column_container\"><div class=\"vc_column-inner\"><div class=\"w-iconbox iconpos_left style_default color_custom align_left no_text\"><a href=\"target:_blank\" class=\"w-iconbox-link\" aria-label=\"25 y 26 de octubre\"><div class=\"w-iconbox-icon\" style=\"font-size:2rem;--icon-color:#54CB34;\"><i class=\"far fa-calendar-day\"><\/i><\/div><\/a><div class=\"w-iconbox-meta\"><div class=\"w-iconbox-title\"><a href=\"target:_blank\" class=\"w-iconbox-link\" aria-label=\"25 y 26 de octubre\">25 y 26 de octubre<\/a><\/div><\/div><\/div><\/div><\/div><div class=\"wpb_column vc_column_container\"><div class=\"vc_column-inner\"><div class=\"wpb_text_column\"><div class=\"wpb_wrapper\"><p><a href=\"https:\/\/h2lac.org\/eventos\/green-hydrogen-summit-2023\/\" target=\"_blank\" rel=\"noopener\">5\u00b0 Versi\u00f3n &#8211; Green Hydrogen Summit Chile Am\u00e9rica Latina y el Caribe 2023<\/a><\/p>\n<\/div><\/div><div class=\"wpb_text_column\"><div class=\"wpb_wrapper\"><\/div><\/div><\/div><\/div><\/div><div class=\"w-separator size_medium\"><\/div><div class=\"w-image align_center\"><a title=\"Archivo digital\" target=\"_blank\" rel=\"nofollow\" href=\"\/archivo-digital\/\" aria-label=\"Grupo 1749_edit\" class=\"w-image-h\"><img decoding=\"async\" width=\"1810\" height=\"844\" src=\"https:\/\/h2lac.org\/wp-content\/uploads\/2022\/03\/Grupo-1749_edit.png\" class=\"attachment-full size-full\" alt=\"\" loading=\"lazy\" srcset=\"https:\/\/h2lac.org\/wp-content\/uploads\/2022\/03\/Grupo-1749_edit.png 1810w, https:\/\/h2lac.org\/wp-content\/uploads\/2022\/03\/Grupo-1749_edit-300x140.png 300w, https:\/\/h2lac.org\/wp-content\/uploads\/2022\/03\/Grupo-1749_edit-1024x477.png 1024w\" sizes=\"auto, (max-width: 1810px) 100vw, 1810px\" \/><\/a><\/div><div class=\"w-separator size_medium\"><\/div><div class=\"wpb_text_column\"><div class=\"wpb_wrapper\"><p style=\"text-align: center;\">Si este correo no te lleg\u00f3 de forma directa puedes suscribirte\u00a0<a href=\"\/en\/h2lac-review\/\" target=\"_blank\" rel=\"noopener\" data-cke-saved-href=\"*|LIST:SUBSCRIBE|*\">aqu\u00ed<\/a>.<\/p>\n<\/div><\/div><\/div><\/div><div class=\"wpb_column vc_column_container\"><div class=\"vc_column-inner\"><section class=\"l-section wpb_row us_custom_5cd26a65 height_medium\"><div class=\"l-section-h i-cf\"><div class=\"g-cols vc_row via_grid cols_1 laptops-cols_inherit tablets-cols_inherit mobiles-cols_1 valign_top type_default stacking_default\"><div class=\"wpb_column vc_column_container us_custom_5cd26a65\"><div class=\"vc_column-inner\"><div class=\"wpb_text_column\"><div class=\"wpb_wrapper\"><h2>Previous editions<\/h2>\n<\/div><\/div><div class=\"w-grid type_grid layout_298 cols_1 preload_style_spinner\" id=\"us_grid_1\" style=\"--columns:1;--gap:1.5rem;\" data-filterable=\"true\"><style>.layout_298 .w-grid-item-h{}.layout_298 .usg_post_title_1{font-weight:400!important;font-size:1rem!important;margin-bottom:0.3rem!important}.layout_298 .usg_btn_1{text-align:left!important;font-weight:500!important;font-size:.9rem!important}.layout_298 .usg_post_custom_field_1{width:100px!important;max-width:30%!important;min-width:100px!important;margin-right:5%!important}<\/style><div class=\"w-grid-list\">\t<article class=\"w-grid-item size_1x1 post-21256 post type-post status-publish format-standard has-post-thumbnail hentry category-newsletter-h2lac-review-en tag-h2lac-review-en tag-newsletter-en pais-brasil pais-colombia pais-costa-rica\" data-id=\"21256\">\r\n\t\t<div class=\"w-grid-item-h\">\r\n\t\t\t\t\t\t<div class=\"w-hwrapper usg_hwrapper_1 align_none valign_middle\" style=\"--hwrapper-gap:1.20rem\"><div class=\"w-post-elm post_custom_field usg_post_custom_field_1 type_image us_tile_additional_image color_link_inherit has_ratio\"><a href=\"\/en\/newsletter-h2lac-review-en\/h2lac-review-19\/\"><div style=\"padding-bottom:100%\"><\/div><img loading=\"lazy\" decoding=\"async\" width=\"833\" height=\"517\" src=\"https:\/\/h2lac.org\/wp-content\/uploads\/2023\/09\/18-1.png\" class=\"attachment-full size-full\" alt=\"\" srcset=\"https:\/\/h2lac.org\/wp-content\/uploads\/2023\/09\/18-1.png 833w, https:\/\/h2lac.org\/wp-content\/uploads\/2023\/09\/18-1-300x186.png 300w\" sizes=\"auto, (max-width: 833px) 100vw, 833px\" \/><\/a><\/div><div class=\"w-vwrapper usg_vwrapper_1 align_none valign_top\"><h2 class=\"w-post-elm post_title usg_post_title_1 entry-title color_link_inherit\"><a href=\"\/en\/newsletter-h2lac-review-en\/h2lac-review-19\/\">H2LAC REVIEW \/19<\/a><\/h2><a class=\"w-btn us-btn-style_5 usg_btn_1 icon_atright\" href=\"\/en\/newsletter-h2lac-review-en\/h2lac-review-19\/\"><span class=\"w-btn-label\">Ver m\u00e1s<\/span><i class=\"fas fa-plus\"><\/i><\/a><\/div><\/div>\t\t<\/div>\r\n\t\t\t<\/article>\r\n<\/div><div class=\"w-grid-preloader\">\t<div class=\"g-preloader type_1\">\r\n\t\t<div><\/div>\r\n\t<\/div>\r\n\t<\/div>\t<div class=\"w-grid-json hidden\" onclick='return {&quot;action&quot;:&quot;us_ajax_grid&quot;,&quot;infinite_scroll&quot;:0,&quot;max_num_pages&quot;:1,&quot;pagination&quot;:&quot;none&quot;,&quot;template_vars&quot;:{&quot;columns&quot;:&quot;1&quot;,&quot;exclude_items&quot;:&quot;none&quot;,&quot;img_size&quot;:&quot;default&quot;,&quot;ignore_items_size&quot;:0,&quot;items_layout&quot;:&quot;298&quot;,&quot;items_offset&quot;:&quot;1&quot;,&quot;load_animation&quot;:&quot;none&quot;,&quot;overriding_link&quot;:&quot;{\\&quot;url\\&quot;:\\&quot;\\&quot;}&quot;,&quot;post_id&quot;:22506,&quot;query_args&quot;:{&quot;post_type&quot;:[&quot;post&quot;],&quot;tax_query&quot;:[{&quot;taxonomy&quot;:&quot;category&quot;,&quot;field&quot;:&quot;slug&quot;,&quot;terms&quot;:[&quot;newsletter-h2lac-review&quot;]}],&quot;post_status&quot;:[&quot;publish&quot;,&quot;acf-disabled&quot;],&quot;posts_per_page&quot;:&quot;5&quot;},&quot;orderby_query_args&quot;:{&quot;orderby&quot;:{&quot;date&quot;:&quot;DESC&quot;}},&quot;type&quot;:&quot;grid&quot;,&quot;us_grid_post_type&quot;:&quot;post&quot;,&quot;us_grid_ajax_index&quot;:1,&quot;us_grid_filter_query_string&quot;:null,&quot;us_grid_index&quot;:1,&quot;page_args&quot;:[],&quot;lang&quot;:&quot;en&quot;}}'><\/div>\r\n\t<\/div><\/div><\/div><\/div><\/div><\/section>\n<\/div><\/div><\/div><\/div><\/section>\n","protected":false},"excerpt":{"rendered":"<p>En esta edici\u00f3n, M\u00f3nica Gasca, Directora Ejecutiva de la\u00a0Asociaci\u00f3n Hidr\u00f3geno Colombia\u00a0 analiza los desaf\u00edos de la transici\u00f3n energ\u00e9tica en la regi\u00f3n de Am\u00e9rica Latina y el Caribe, el rol del hidr\u00f3geno verde y los avances de Colombia en el sector.<\/p>\n","protected":false},"author":12,"featured_media":18526,"comment_status":"closed","ping_status":"open","sticky":false,"template":"","format":"standard","meta":{"_acf_changed":false,"inline_featured_image":false,"footnotes":""},"categories":[503],"tags":[504,505],"estado":[],"pais":[103,55,57],"class_list":["post-21256","post","type-post","status-publish","format-standard","has-post-thumbnail","hentry","category-newsletter-h2lac-review-en","tag-h2lac-review-en","tag-newsletter-en","pais-brasil","pais-colombia","pais-costa-rica"],"acf":[],"_links":{"self":[{"href":"\/en\/wp-json\/wp\/v2\/posts\/21256","targetHints":{"allow":["GET"]}}],"collection":[{"href":"\/en\/wp-json\/wp\/v2\/posts"}],"about":[{"href":"\/en\/wp-json\/wp\/v2\/types\/post"}],"author":[{"embeddable":true,"href":"\/en\/wp-json\/wp\/v2\/users\/12"}],"replies":[{"embeddable":true,"href":"\/en\/wp-json\/wp\/v2\/comments?post=21256"}],"version-history":[{"count":0,"href":"\/en\/wp-json\/wp\/v2\/posts\/21256\/revisions"}],"wp:featuredmedia":[{"embeddable":true,"href":"\/en\/wp-json\/wp\/v2\/media\/18526"}],"wp:attachment":[{"href":"\/en\/wp-json\/wp\/v2\/media?parent=21256"}],"wp:term":[{"taxonomy":"category","embeddable":true,"href":"\/en\/wp-json\/wp\/v2\/categories?post=21256"},{"taxonomy":"post_tag","embeddable":true,"href":"\/en\/wp-json\/wp\/v2\/tags?post=21256"},{"taxonomy":"estado","embeddable":true,"href":"\/en\/wp-json\/wp\/v2\/estado?post=21256"},{"taxonomy":"pais","embeddable":true,"href":"\/en\/wp-json\/wp\/v2\/pais?post=21256"}],"curies":[{"name":"wp","href":"https:\/\/api.w.org\/{rel}","templated":true}]}}