{"id":21228,"date":"2024-04-08T13:40:23","date_gmt":"2024-04-08T16:40:23","guid":{"rendered":"https:\/\/h2lac.org\/uncategorized\/ii-ciclo-de-talleres-tecnicos-proyectos-h2uppp-en-chile\/"},"modified":"2025-12-09T10:43:27","modified_gmt":"2025-12-09T13:43:27","slug":"ii-ciclo-de-talleres-tecnicos-proyectos-h2uppp-en-chile","status":"publish","type":"post","link":"\/en\/cycle-of-technical-bills\/ii-ciclo-de-talleres-tecnicos-proyectos-h2uppp-en-chile\/","title":{"rendered":"II Ciclo de talleres t\u00e9cnicos: Proyectos H2Uppp en Chile"},"content":{"rendered":"<div id=\"bsf_rt_marker\"><\/div><section class=\"l-section wpb_row height_medium\"><div class=\"l-section-h i-cf\"><div class=\"g-cols vc_row via_grid cols_1 laptops-cols_inherit tablets-cols_inherit mobiles-cols_1 valign_top type_default stacking_default\"><div class=\"wpb_column vc_column_container\"><div class=\"vc_column-inner\"><h1 class=\"w-post-elm post_title us_custom_5f1df441 has_text_color entry-title color_link_inherit\">II Ciclo de talleres t\u00e9cnicos: Proyectos H2Uppp en Chile<\/h1><div class=\"w-post-elm post_taxonomy style_badge color_link_inherit\"><a class=\"w-btn us-btn-style_6 term-468 term-cycle-of-technical-bills\" href=\"https:\/\/h2lac.org\/explorando-el-hidrogeno-verde\/?filter_category=estrategias-de-hidrogeno\"><span class=\"w-btn-label\">Cycle of technical bills<\/span><\/a><\/div><div class=\"w-separator size_small\"><\/div><div class=\"wpb_text_column\"><div class=\"wpb_wrapper\"><p>Durante la segunda sesi\u00f3n del segundo ciclo de talleres t\u00e9cnicos H2Uppp\/H2LAC \u201c<strong>Proyectos H2Uppp en Chile<\/strong>\u201d, Samantha Michaux -Business Development Manager en Ineratec- expuso sobre la iniciativa Lighthouse e-fuel Project Chile, la cual busca evaluar el potencial y posibles limitaciones de una planta de Power-to-Liquid en el pa\u00eds. Por su parte, Jorge Taboada -CEO de Soventix Chile- present\u00f3 el proyecto Solar NH3-Pool Chile, cuyo objetivo es establecer un conjunto de plantas de hidr\u00f3geno verde compuestas por instalaciones m\u00e1s peque\u00f1as. As\u00ed, sus capacidades de generaci\u00f3n se combinan para la producci\u00f3n de amon\u00edaco verde en una planta a gran escala.<\/p>\n<p>El II ciclo de talleres tiene como objetivo la transferencia de conocimiento sobre el ecosistema del hidr\u00f3geno verde y sus derivados en Am\u00e9rica Latina y el Caribe, buscando promover la producci\u00f3n, uso y exportaci\u00f3n del vector energ\u00e9tico en la regi\u00f3n. Para ello, se invitan a diversos representantes de los proyectos de cooperaci\u00f3n p\u00fablico-privada (PPPs) -implementados en la fase 1 del programa H2Uppp- a exponer sus resultados y ofrecer un espacio de intercambio de ideas.<\/p>\n<p>El ciclo de talleres es organizado por el Programa Internacional Hydrogen Ramp-Up (H2Uppp), comisionado por el Ministerio Federal de Econom\u00eda y Protecci\u00f3n del Clima de Alemania (BMWK) e implementado por GIZ, en colaboraci\u00f3n con las C\u00e1maras de Comercio e Industria (AHK) y H2LAC.<\/p>\n<\/div><\/div><div class=\"w-separator size_small\"><\/div><div class=\"w-actionbox color_secondary controls_right\"><div class=\"w-actionbox-text\"><h3 class=\"w-actionbox-title\">Accede a la grabaci\u00f3n<\/h3><\/div><div class=\"w-actionbox-controls\"><a class=\"w-btn us-btn-style_2\" target=\"_blank\" href=\"https:\/\/capacity4dev.europa.eu\/library\/ii-ciclo-de-talleres-tecnicos-proyectos-h2uppp-en-chile_en?refgid=250095\"><span class=\"w-btn-label\">Click Me<\/span><\/a><\/div><\/div><div class=\"w-separator size_small with_line width_default thick_1 style_solid color_border align_center\"><div class=\"w-separator-h\"><\/div><\/div><div class=\"g-cols wpb_row via_grid cols_2 laptops-cols_inherit tablets-cols_inherit mobiles-cols_1 valign_top type_default stacking_default\" style=\"--columns-gap:3rem;\"><div class=\"wpb_column vc_column_container\"><div class=\"vc_column-inner\"><div class=\"w-iconbox iconpos_left style_default color_custom align_left\"><div class=\"w-iconbox-icon\" style=\"font-size:2rem;--icon-color:#A0AEC0;\"><i class=\"fal fa-users\"><\/i><\/div><div class=\"w-iconbox-meta\"><h4 class=\"w-iconbox-title\">Expositores<\/h4><div class=\"w-iconbox-text\"><p><strong>Samantha Michaux,<\/strong> Business Development Manager de Ineratec.<\/p>\n<p><span class=\"OYPEnA text-decoration-none text-strikethrough-none\"><b>Jorge Taboada<\/b>, CEO de Soventix.<\/span><\/p>\n<\/div><\/div><\/div><\/div><\/div><div class=\"wpb_column vc_column_container\"><div class=\"vc_column-inner\"><div class=\"w-iconbox iconpos_left style_default color_custom align_left\"><div class=\"w-iconbox-icon\" style=\"font-size:2rem;--icon-color:#A0AEC0;\"><i class=\"fal fa-calendar\"><\/i><\/div><div class=\"w-iconbox-meta\"><h4 class=\"w-iconbox-title\">Fecha<\/h4><div class=\"w-iconbox-text\"><p>03 de abril de 2024<\/p>\n<\/div><\/div><\/div><div class=\"w-separator size_small\"><\/div><div class=\"w-iconbox iconpos_left style_default color_custom align_left\"><div class=\"w-iconbox-icon\" style=\"font-size:2rem;--icon-color:#A0AEC0;\"><i class=\"fal fa-language\"><\/i><\/div><div class=\"w-iconbox-meta\"><h4 class=\"w-iconbox-title\">Idioma<\/h4><div class=\"w-iconbox-text\"><p>espa\u00f1ol e ingl\u00e9s<\/p>\n<\/div><\/div><\/div><div class=\"w-separator size_small\"><\/div><div class=\"w-iconbox iconpos_left style_default color_primary align_left no_title\"><div class=\"w-iconbox-icon\" style=\"font-size:2rem;\"><i class=\"fal fa-file-pdf\"><\/i><\/div><div class=\"w-iconbox-meta\"><div class=\"w-iconbox-text\"><p><a href=\"\/wp-content\/uploads\/2024\/04\/Samantha-Michaux-INERATEC.pdf\" target=\"_blank\" rel=\"noopener\">Presentaci\u00f3n Samantha Michaux\u00a0<\/a><\/p>\n<\/div><\/div><\/div><div class=\"w-separator size_small\"><\/div><div class=\"w-iconbox iconpos_left style_default color_primary align_left no_title\"><div class=\"w-iconbox-icon\" style=\"font-size:2rem;\"><i class=\"fal fa-file-pdf\"><\/i><\/div><div class=\"w-iconbox-meta\"><div class=\"w-iconbox-text\"><p><a href=\"\/wp-content\/uploads\/2024\/04\/SolarNH3-Chile_PPPSoventix_03032024.pdf\" target=\"_blank\" rel=\"noopener\">Presentaci\u00f3n Jorge Taboada<\/a><\/p>\n<\/div><\/div><\/div><div class=\"w-separator size_small\"><\/div><div class=\"w-image align_center\"><div class=\"w-image-h\"><img decoding=\"async\" width=\"1024\" height=\"577\" src=\"https:\/\/h2lac.org\/wp-content\/uploads\/2024\/03\/2ciclo-talleres-II-1024x577.png\" class=\"attachment-large size-large\" alt=\"\" loading=\"lazy\" srcset=\"https:\/\/h2lac.org\/wp-content\/uploads\/2024\/03\/2ciclo-talleres-II-1024x577.png 1024w, https:\/\/h2lac.org\/wp-content\/uploads\/2024\/03\/2ciclo-talleres-II-300x169.png 300w, https:\/\/h2lac.org\/wp-content\/uploads\/2024\/03\/2ciclo-talleres-II.png 1640w\" sizes=\"auto, (max-width: 1024px) 100vw, 1024px\" \/><\/div><\/div><\/div><\/div><\/div><\/div><\/div><\/div><\/div><\/section><section class=\"l-section wpb_row height_medium\"><div class=\"l-section-h i-cf\"><div class=\"g-cols vc_row via_grid cols_1 laptops-cols_inherit tablets-cols_inherit mobiles-cols_1 valign_top type_default stacking_default\"><div class=\"wpb_column vc_column_container\"><div class=\"vc_column-inner\"><\/div><\/div><\/div><\/div><\/section>\n","protected":false},"excerpt":{"rendered":"<p>En el II ciclo de talleres t\u00e9cnicos H2Uppp en Chile, se discutieron el proyecto Lighthouse e-fuel para evaluar plantas Power-to-Liquid y el Solar NH3-Pool para combinar plantas de hidr\u00f3geno verde en una instalaci\u00f3n a gran escala.<\/p>\n","protected":false},"author":12,"featured_media":19725,"comment_status":"closed","ping_status":"open","sticky":false,"template":"","format":"standard","meta":{"_acf_changed":false,"inline_featured_image":false,"footnotes":""},"categories":[468],"tags":[471],"estado":[],"pais":[56],"class_list":["post-21228","post","type-post","status-publish","format-standard","has-post-thumbnail","hentry","category-cycle-of-technical-bills","tag-ciclo-de-talleres-tecnicos-en","pais-chile"],"acf":[],"_links":{"self":[{"href":"\/en\/wp-json\/wp\/v2\/posts\/21228","targetHints":{"allow":["GET"]}}],"collection":[{"href":"\/en\/wp-json\/wp\/v2\/posts"}],"about":[{"href":"\/en\/wp-json\/wp\/v2\/types\/post"}],"author":[{"embeddable":true,"href":"\/en\/wp-json\/wp\/v2\/users\/12"}],"replies":[{"embeddable":true,"href":"\/en\/wp-json\/wp\/v2\/comments?post=21228"}],"version-history":[{"count":5,"href":"\/en\/wp-json\/wp\/v2\/posts\/21228\/revisions"}],"predecessor-version":[{"id":23723,"href":"\/en\/wp-json\/wp\/v2\/posts\/21228\/revisions\/23723"}],"wp:featuredmedia":[{"embeddable":true,"href":"\/en\/wp-json\/wp\/v2\/media\/19725"}],"wp:attachment":[{"href":"\/en\/wp-json\/wp\/v2\/media?parent=21228"}],"wp:term":[{"taxonomy":"category","embeddable":true,"href":"\/en\/wp-json\/wp\/v2\/categories?post=21228"},{"taxonomy":"post_tag","embeddable":true,"href":"\/en\/wp-json\/wp\/v2\/tags?post=21228"},{"taxonomy":"estado","embeddable":true,"href":"\/en\/wp-json\/wp\/v2\/estado?post=21228"},{"taxonomy":"pais","embeddable":true,"href":"\/en\/wp-json\/wp\/v2\/pais?post=21228"}],"curies":[{"name":"wp","href":"https:\/\/api.w.org\/{rel}","templated":true}]}}